{"id":946,"date":"2016-01-01T17:54:57","date_gmt":"2016-01-01T15:54:57","guid":{"rendered":"http:\/\/www.alsbachprinzessin.at\/zwickel\/?p=946"},"modified":"2016-01-01T17:54:57","modified_gmt":"2016-01-01T15:54:57","slug":"2015-was-ich-noch-sagen-wollte","status":"publish","type":"post","link":"https:\/\/www.alsbachprinzessin.at\/zwickel\/2016\/01\/01\/2015-was-ich-noch-sagen-wollte\/","title":{"rendered":"2015 &#8211; was ich noch sagen wollte"},"content":{"rendered":"<p>Tja, das wars also \u2013 das Jahr 2015. Ich darf meiner Hoffnung Ausdruck verleihen, dass Sie alle gut im Neuen Jahr angekommen sind. Das alte war ja durchwachsen wie ein ladinischer Wurzelspeck. Beim Fr\u00fchst\u00fcck mit meinem Kater (der verfressene Tigerkater Elvis von den Nachbarn kommt schon wieder Milch und Fischcracker schnorren) lasse ich 2015 Revue passieren.<\/p>\n<p><!--more--><\/p>\n<p>Fangen wir mit meinem pers\u00f6nlichen Unwort des Jahres an: \u201eBesorgte B\u00fcrger\u201c. Genau. Die besorgten B\u00fcrger. Ein paar von denen haben es so richtig krachen lassen. In Dresden waren sie, eine Handvoll auch in Wien. Seit letztem Jahr scheinen sie \u00fcberhaupt \u00fcberall zu sein, schie\u00dfen quasi wie Pilze aus dem Boden (sollte kein Affront sein, liebe Pilze) &#8211; und das immer. Ich frage mich da spontan: Wo sind diese sogenannten besorgten B\u00fcrger, wenn mal wieder 19 Milliarden Euro f\u00fcr irgendein Bankdesaster verschwendet werden? Wo sind die besorgten B\u00fcrger, wenn dem Handel alle Grenzen erschlossen werden (Stichwort: TTIP), Menschen in Not aber vor geschlossenen Grenzen stehen, sofern sie nicht vorher im Mittelmeer ertrinken? Wo sind die besorgten B\u00fcrger, wenn die soziale K\u00e4lte in \u00d6sterreich immer mehr zunimmt? Wo sind die besorgten B\u00fcrger, wenn es darum geht, hunderte Krisenherde und milit\u00e4rische Konflikte auf dieser Erde zu beenden? Ich sage: Auf solche besorgten B\u00fcrger schei\u00dfe ich auch 2016.<\/p>\n<p>Und das wollte ich auch noch sagen: Anders als im Englischen ben\u00f6tigt eine Jahresangabe keine Pr\u00e4position, schon gar kein \u201ein\u201c. Es hei\u00dft vielleicht \u201eSee you in 2016\u201c, aber nicht \u201eWir sehen uns in 2016\u201c. Diese Sprachmarotte ist auch so eines meiner Low-Lights 2015 gewesen (nicht \u201ein 2015\u201c)<\/p>\n<p>&nbsp;<\/p>\n<p>Wir sehen uns 2016. Das reicht. Danke!<\/p>\n<p>&nbsp;<\/p>\n<p>&nbsp;<\/p>\n","protected":false},"excerpt":{"rendered":"<p>Tja, das wars also \u2013 das Jahr 2015. Ich darf meiner Hoffnung Ausdruck verleihen, dass Sie alle gut im Neuen Jahr angekommen sind. Das alte war ja durchwachsen wie ein ladinischer Wurzelspeck. Beim Fr\u00fchst\u00fcck&#46;&#46;&#46;<\/p>\n","protected":false},"author":2,"featured_media":0,"comment_status":"open","ping_status":"open","sticky":false,"template":"","format":"standard","meta":{"footnotes":""},"categories":[1],"tags":[],"class_list":["post-946","post","type-post","status-publish","format-standard","hentry","category-allgemein"],"_links":{"self":[{"href":"https:\/\/www.alsbachprinzessin.at\/zwickel\/wp-json\/wp\/v2\/posts\/946","targetHints":{"allow":["GET"]}}],"collection":[{"href":"https:\/\/www.alsbachprinzessin.at\/zwickel\/wp-json\/wp\/v2\/posts"}],"about":[{"href":"https:\/\/www.alsbachprinzessin.at\/zwickel\/wp-json\/wp\/v2\/types\/post"}],"author":[{"embeddable":true,"href":"https:\/\/www.alsbachprinzessin.at\/zwickel\/wp-json\/wp\/v2\/users\/2"}],"replies":[{"embeddable":true,"href":"https:\/\/www.alsbachprinzessin.at\/zwickel\/wp-json\/wp\/v2\/comments?post=946"}],"version-history":[{"count":1,"href":"https:\/\/www.alsbachprinzessin.at\/zwickel\/wp-json\/wp\/v2\/posts\/946\/revisions"}],"predecessor-version":[{"id":947,"href":"https:\/\/www.alsbachprinzessin.at\/zwickel\/wp-json\/wp\/v2\/posts\/946\/revisions\/947"}],"wp:attachment":[{"href":"https:\/\/www.alsbachprinzessin.at\/zwickel\/wp-json\/wp\/v2\/media?parent=946"}],"wp:term":[{"taxonomy":"category","embeddable":true,"href":"https:\/\/www.alsbachprinzessin.at\/zwickel\/wp-json\/wp\/v2\/categories?post=946"},{"taxonomy":"post_tag","embeddable":true,"href":"https:\/\/www.alsbachprinzessin.at\/zwickel\/wp-json\/wp\/v2\/tags?post=946"}],"curies":[{"name":"wp","href":"https:\/\/api.w.org\/{rel}","templated":true}]}}