{"id":557,"date":"2013-11-02T09:16:50","date_gmt":"2013-11-02T07:16:50","guid":{"rendered":"http:\/\/www.alsbachprinzessin.at\/zwickel\/?p=557"},"modified":"2013-11-05T07:24:58","modified_gmt":"2013-11-05T05:24:58","slug":"eine-woche-mit-natalie-freitag-2","status":"publish","type":"post","link":"https:\/\/www.alsbachprinzessin.at\/zwickel\/2013\/11\/02\/eine-woche-mit-natalie-freitag-2\/","title":{"rendered":"Eine Woche mit Natalie. Freitag."},"content":{"rendered":"<p><i>10:00, Redaktion, Feiertagsbereitschaft<\/i><\/p>\n<p>Natalie: v\u00f6llig zerst\u00f6rt, verschwollenes Gesicht, ungeschminkt, flackernde Augen mit olympischen Ringen.<\/p>\n<p>\u201eIch hatte heute Alptr\u00e4ume. Dass die Welt untergeht. Alle au\u00dfer mir sind krepiert. War dann eh nicht so schlecht. Jetzt geh\u00f6rt die Welt nur mir!\u201c<\/p>\n<p><!--more--><\/p>\n<p>\u201eJetzt geh\u00f6rt dir mal der Auslandsteil. Was nimmst \u2013 21. oder 22. Bezirk? In Floridsdorf hat eine 89-j\u00e4hrige Oma eine eingesch\u00fcchterte Rockerbande in einer Konditorei beim Kaffeekr\u00e4nzchen \u00fcberfallen, bis auf die letzten Punschkrapferln ausgeraubt und krankenhausreif gepr\u00fcgelt. Absoluter Halloween-Burner. Die Story werd wohl ich machen. Also kriegst du die Donaustadt. Und wie schaust du \u00fcberhaupt aus? Haare wie ein Mardernest!\u201c<\/p>\n<p>\u201eWart, ich krieg da grad eine Meldung von der APA rein: B\u00fcrgermeister meint, die Stadtverwaltung m\u00fcsse schlanker werden\u201c.<\/p>\n<p>\u201eDamit spricht er freim\u00fctig das aus, was ich mir bei seinem Anblick immer denk\u201c.<\/p>\n<p>\u201eWer nicht.\u201c<\/p>\n<p>\u201eEr selbst.\u201c<\/p>\n<p>&#8222;Na, da red&#8216; wieder amal der richtige, gell mein schnuffiges Zwiggib\u00e4rchen?&#8220;<\/p>\n<p>&#8222;Ist das jetzt schon Mobbing? Kann das grad nicht einsch\u00e4tzen&#8220;<\/p>\n<p>&#8222;Glaub schon.&#8220;<\/p>\n<p>&#8222;Na dann passts eh.&#8220;<\/p>\n<p>\u201eIch brauch einen Drink, mein kleiner Monchichi\u201c<\/p>\n<p>\u201eWer nicht. Aber bitte ohne viel schischi\u201c<\/p>\n<p><i>10:05, Getr\u00e4nkeautomat am Gang<\/i><\/p>\n<p>\u201eNau suuuupaaaaa! Wodka-Red Bull is aus. Dann halt Eistee.\u201c<\/p>\n<p>\u201eDu kleine Nestea bitch\u201c<\/p>\n<p>\u201eDu sagst nasty bitch zu mir??\u201c<\/p>\n<p>\u201eNein. Ich sag <em>Nestea bitch<\/em> zu dir. Stimmt\u2019s etwa nicht?\u201c<\/p>\n<p>\u201eBesser als so ein Fanta-st wie du.\u201c<\/p>\n<p>\u201eH\u00f6r ich dauernd, den Spruch. Jeder glaubt er ist der erste, der damit r\u00fcberkommt.\u201c<\/p>\n<p>\u201eFantatrinkende Lokalreporter machen mich nerv\u00f6s. Erfahrungsgem\u00e4\u00df sind das Autisten.\u201c<\/p>\n<p>\u201eDu wirkst unausgeglichen\u201c<\/p>\n<p>\u201eIch hab Brownies mitgebracht. Back ich immer wenn ich unausgeglichen bin. Stehen in der Sozialzone\u201c<\/p>\n<p>\u201eWie lange schon?\u201c<\/p>\n<p>\u201ePfff, wei\u00df nicht \u2013 10 Minuten?\u201c<\/p>\n<p>\u201eDann stehen sie nicht mehr dort. Der dicke Raimann hat seine 150 Kilo vorhin an uns in die K\u00fcche vorbeigewuchtet und gedacht ich merks nicht.\u201c<\/p>\n<p>\u201eNa klar \u2013 die Sportreporter. Is ja immer das gleiche mit denen. Verfressen bis dorthinaus\u201c<\/p>\n<p>\u201eUnd dar\u00fcber hinaus. Sonst w\u00e4ren sie selbst Fu\u00dfballer, Eishockey-Cracks oder Sudoku-Profis und w\u00fcrden nicht nur dar\u00fcber berichten.\u201c<\/p>\n<p>\u201eIch schreib immer noch an dem Mundartk\u00e4se. Wie sagt man \u201aKarl\u2018 auf Ober\u00f6sterreichisch?\u201c<\/p>\n<p>\u201eNa wie wohl: Koal.\u201c<\/p>\n<p>\u201eMit zwei langen O und zwei langen A?\u201c<\/p>\n<p>\u201eBeides kurz. Und mit Tilden-L. So zwischen Zunge und Gaumenz\u00e4pfchen abgerollt\u201c<\/p>\n<p>\u201eAlso wie \u201aKoala\u2018 ohne A hinten?\u201c<\/p>\n<p>\u201eNein, so wie \u201aCola\u2018 nur das A zwischen O und L\u201c.<\/p>\n<p>\u201eFanta-stisch, du Psychopath. Danke.\u201c<\/p>\n<p>\u201eFormidable, wie der Franzose sagt. Nestea bitch.\u201c<\/p>\n<p>\u201eB\u00e4\u00e4\u00e4\u00e4h. Hehehe.\u201c<\/p>\n<p><em>\u00a0(Manchmal frage ich mich, warum ich diese freche G\u00f6re \u00fcberhaupt erfunden habe)<\/em><\/p>\n","protected":false},"excerpt":{"rendered":"<p>10:00, Redaktion, Feiertagsbereitschaft Natalie: v\u00f6llig zerst\u00f6rt, verschwollenes Gesicht, ungeschminkt, flackernde Augen mit olympischen Ringen. \u201eIch hatte heute Alptr\u00e4ume. Dass die Welt untergeht. Alle au\u00dfer mir sind krepiert. War dann eh nicht so schlecht. Jetzt&#46;&#46;&#46;<\/p>\n","protected":false},"author":2,"featured_media":0,"comment_status":"open","ping_status":"open","sticky":false,"template":"","format":"standard","meta":{"footnotes":""},"categories":[66],"tags":[75,69,74,98,68,76],"class_list":["post-557","post","type-post","status-publish","format-standard","hentry","category-eine-woche-mit","tag-brownies","tag-eine-woche-mit-2","tag-freitag","tag-hernalser-morgenpostillon","tag-natalie","tag-nestea-bitch"],"_links":{"self":[{"href":"https:\/\/www.alsbachprinzessin.at\/zwickel\/wp-json\/wp\/v2\/posts\/557","targetHints":{"allow":["GET"]}}],"collection":[{"href":"https:\/\/www.alsbachprinzessin.at\/zwickel\/wp-json\/wp\/v2\/posts"}],"about":[{"href":"https:\/\/www.alsbachprinzessin.at\/zwickel\/wp-json\/wp\/v2\/types\/post"}],"author":[{"embeddable":true,"href":"https:\/\/www.alsbachprinzessin.at\/zwickel\/wp-json\/wp\/v2\/users\/2"}],"replies":[{"embeddable":true,"href":"https:\/\/www.alsbachprinzessin.at\/zwickel\/wp-json\/wp\/v2\/comments?post=557"}],"version-history":[{"count":16,"href":"https:\/\/www.alsbachprinzessin.at\/zwickel\/wp-json\/wp\/v2\/posts\/557\/revisions"}],"predecessor-version":[{"id":623,"href":"https:\/\/www.alsbachprinzessin.at\/zwickel\/wp-json\/wp\/v2\/posts\/557\/revisions\/623"}],"wp:attachment":[{"href":"https:\/\/www.alsbachprinzessin.at\/zwickel\/wp-json\/wp\/v2\/media?parent=557"}],"wp:term":[{"taxonomy":"category","embeddable":true,"href":"https:\/\/www.alsbachprinzessin.at\/zwickel\/wp-json\/wp\/v2\/categories?post=557"},{"taxonomy":"post_tag","embeddable":true,"href":"https:\/\/www.alsbachprinzessin.at\/zwickel\/wp-json\/wp\/v2\/tags?post=557"}],"curies":[{"name":"wp","href":"https:\/\/api.w.org\/{rel}","templated":true}]}}